{"id":1807,"date":"2025-08-23T13:08:39","date_gmt":"2025-08-23T10:08:39","guid":{"rendered":"https:\/\/puideseeme.ee\/?p=1807"},"modified":"2025-08-23T13:30:40","modified_gmt":"2025-08-23T10:30:40","slug":"teravilja-kasvufaasid-kordamine-on-tarkuse-ema","status":"publish","type":"post","link":"https:\/\/puideseeme.ee\/en\/teravilja-kasvufaasid-kordamine-on-tarkuse-ema\/","title":{"rendered":"Teravilja kasvufaasid \u2013 kordamine on tarkuse ema"},"content":{"rendered":"<p><div class=\"fusion-fullwidth fullwidth-box fusion-builder-row-1 fusion-flex-container has-pattern-background has-mask-background nonhundred-percent-fullwidth non-hundred-percent-height-scrolling\" style=\"--awb-border-radius-top-left:0px;--awb-border-radius-top-right:0px;--awb-border-radius-bottom-right:0px;--awb-border-radius-bottom-left:0px;--awb-flex-wrap:wrap;\" ><div class=\"fusion-builder-row fusion-row fusion-flex-align-items-flex-start fusion-flex-content-wrap\" style=\"max-width:1248px;margin-left: calc(-4% \/ 2 );margin-right: calc(-4% \/ 2 );\"><div class=\"fusion-layout-column fusion_builder_column fusion-builder-column-0 fusion_builder_column_1_1 1_1 fusion-flex-column\" style=\"--awb-bg-size:cover;--awb-width-large:100%;--awb-margin-top-large:0px;--awb-spacing-right-large:1.92%;--awb-margin-bottom-large:20px;--awb-spacing-left-large:1.92%;--awb-width-medium:100%;--awb-order-medium:0;--awb-spacing-right-medium:1.92%;--awb-spacing-left-medium:1.92%;--awb-width-small:100%;--awb-order-small:0;--awb-spacing-right-small:1.92%;--awb-spacing-left-small:1.92%;\"><div class=\"fusion-column-wrapper fusion-column-has-shadow fusion-flex-justify-content-flex-start fusion-content-layout-column\"><div class=\"fusion-text fusion-text-1\"><p>Kasvufaaside m\u00e4\u00e4ramise \u00fclekordamisest ei saa ei \u00fcle ega \u00fcmber, seega on \u00f5ige hetk need t\u00e4naseid p\u00f5lluolusid-toimetusi arvesse v\u00f5ttes veel \u00fcle k\u00e4ia.<\/p>\n<p><strong>V\u00f5rsumisfaas<\/strong><\/p>\n<p>Nagu nimigi \u00fctleb, t\u00e4hendab v\u00f5rsumisfaas seda aega, mil teraviljataim kasvatab juurde lisav\u00f5rseid ja k\u00f5rre pikkuskasvule veel ei m\u00f5tle. Taliteraviljadel algab v\u00f5rsumisfaas s\u00fcgisel ja l\u00f5ppeb kevadel. Rukkil ja taliodral v\u00f5iks peamine v\u00f5rsumine toimuda juba s\u00fcgisel \u2013 sellest ka s\u00fcgisene varasem k\u00fclviaeg. Talinisu v\u00f5rsub ka kevadel, s\u00f5ltuvalt sordist on kevadine v\u00f5rsumisv\u00f5ime k\u00fcll erinev, kuid just sellest tulenevalt on m\u00e4\u00e4rava t\u00e4htsusega sordip\u00f5hise k\u00fclviaja valik s\u00fcgisel.<\/p>\n<p>V\u00f5rsumisfaas t\u00e4na taliteraviljade puhul enam k\u00f5ne alla ei tule, suviteraviljadel on see just n\u00fc\u00fcd p\u00e4evakorral.<\/p>\n<\/div><div class=\"fusion-image-element \" style=\"text-align:center;--awb-caption-title-font-family:var(--h2_typography-font-family);--awb-caption-title-font-weight:var(--h2_typography-font-weight);--awb-caption-title-font-style:var(--h2_typography-font-style);--awb-caption-title-size:var(--h2_typography-font-size);--awb-caption-title-transform:var(--h2_typography-text-transform);--awb-caption-title-line-height:var(--h2_typography-line-height);--awb-caption-title-letter-spacing:var(--h2_typography-letter-spacing);\"><span class=\" fusion-imageframe imageframe-none imageframe-1 hover-type-none\"><a href=\"https:\/\/puideseeme.ee\/wp-content\/uploads\/2025\/08\/Vorsumisfaas-on-suviteraviljadel-paevakorral-.webp\" class=\"fusion-lightbox\" data-rel=\"iLightbox[0b48c3223519d43e6da]\" data-caption=\"Vo\u0303rsumisfaas on suviteraviljadel pa\u0308evakorral\" data-title=\"Vo\u0303rsumisfaas on suviteraviljadel pa\u0308evakorral\" title=\"Vo\u0303rsumisfaas on suviteraviljadel pa\u0308evakorral\"><img decoding=\"async\" width=\"768\" height=\"346\" alt=\"Vo\u0303rsumisfaas on suviteraviljadel pa\u0308evakorral\" src=\"https:\/\/puideseeme.ee\/wp-content\/uploads\/2025\/08\/Vorsumisfaas-on-suviteraviljadel-paevakorral-.webp\" class=\"img-responsive wp-image-1804\" srcset=\"https:\/\/puideseeme.ee\/wp-content\/uploads\/2025\/08\/Vorsumisfaas-on-suviteraviljadel-paevakorral--18x8.webp 18w, https:\/\/puideseeme.ee\/wp-content\/uploads\/2025\/08\/Vorsumisfaas-on-suviteraviljadel-paevakorral--200x90.webp 200w, https:\/\/puideseeme.ee\/wp-content\/uploads\/2025\/08\/Vorsumisfaas-on-suviteraviljadel-paevakorral--300x135.webp 300w, https:\/\/puideseeme.ee\/wp-content\/uploads\/2025\/08\/Vorsumisfaas-on-suviteraviljadel-paevakorral--400x180.webp 400w, https:\/\/puideseeme.ee\/wp-content\/uploads\/2025\/08\/Vorsumisfaas-on-suviteraviljadel-paevakorral--600x270.webp 600w, https:\/\/puideseeme.ee\/wp-content\/uploads\/2025\/08\/Vorsumisfaas-on-suviteraviljadel-paevakorral-.webp 768w\" sizes=\"(max-width: 640px) 100vw, 768px\" \/><\/a><\/span><\/div><div class=\"fusion-text fusion-text-2\"><div id=\"attachment_9953\" class=\"wp-caption aligncenter\">\n<p id=\"caption-attachment-9953\" class=\"wp-caption-text\"><em><span style=\"font-size: 8pt;\">V\u00f5rsumisfaas on suviteraviljadel p\u00e4evakorral<\/span><\/em><\/p>\n<\/div>\n<\/div><\/div><\/div><div class=\"fusion-layout-column fusion_builder_column fusion-builder-column-1 fusion_builder_column_1_3 1_3 fusion-flex-column\" style=\"--awb-bg-size:cover;--awb-width-large:33.333333333333%;--awb-margin-top-large:0px;--awb-spacing-right-large:5.76%;--awb-margin-bottom-large:20px;--awb-spacing-left-large:5.76%;--awb-width-medium:33.333333333333%;--awb-order-medium:0;--awb-spacing-right-medium:5.76%;--awb-spacing-left-medium:5.76%;--awb-width-small:100%;--awb-order-small:0;--awb-spacing-right-small:1.92%;--awb-spacing-left-small:1.92%;\"><div class=\"fusion-column-wrapper fusion-column-has-shadow fusion-flex-justify-content-flex-start fusion-content-layout-column\"><div class=\"fusion-text fusion-text-3\"><p>V\u00f5rsumisfaas algab, kui teraviljataim on lisaks esimeste lehtede kasvatamisele n\u00e4htavale toonud ka esimese k\u00f5rvalv\u00f5rse. V\u00f5rsumise l\u00f5ppu t\u00e4histab aeg, mil taimede tugevamatel peav\u00f5rsetel on arenenud esimene k\u00f5rres\u00f5lm. Visuaalselt on v\u00f5rsumise l\u00f5pp-k\u00f5rsumise algus p\u00f5llul kenasti n\u00e4htav \u2013 taimed ei laiu enam niiv\u00f5rd harali m\u00f6\u00f6da maad, vaid on hakanud silmn\u00e4htavalt p\u00fcstisemalt k\u00f5rgusesse sirutuma.<\/p>\n<div id=\"attachment_8385\" class=\"wp-caption aligncenter\"><\/div>\n<\/div><\/div><\/div><div class=\"fusion-layout-column fusion_builder_column fusion-builder-column-2 fusion_builder_column_2_3 2_3 fusion-flex-column\" style=\"--awb-bg-size:cover;--awb-width-large:66.666666666667%;--awb-margin-top-large:0px;--awb-spacing-right-large:2.88%;--awb-margin-bottom-large:20px;--awb-spacing-left-large:2.88%;--awb-width-medium:66.666666666667%;--awb-order-medium:0;--awb-spacing-right-medium:2.88%;--awb-spacing-left-medium:2.88%;--awb-width-small:100%;--awb-order-small:0;--awb-spacing-right-small:1.92%;--awb-spacing-left-small:1.92%;\"><div class=\"fusion-column-wrapper fusion-column-has-shadow fusion-flex-justify-content-flex-start fusion-content-layout-column\"><div class=\"fusion-image-element \" style=\"--awb-caption-title-font-family:var(--h2_typography-font-family);--awb-caption-title-font-weight:var(--h2_typography-font-weight);--awb-caption-title-font-style:var(--h2_typography-font-style);--awb-caption-title-size:var(--h2_typography-font-size);--awb-caption-title-transform:var(--h2_typography-text-transform);--awb-caption-title-line-height:var(--h2_typography-line-height);--awb-caption-title-letter-spacing:var(--h2_typography-letter-spacing);\"><span class=\" fusion-imageframe imageframe-none imageframe-2 hover-type-none\"><a href=\"https:\/\/puideseeme.ee\/wp-content\/uploads\/2025\/08\/Vorsumisfaas.webp\" class=\"fusion-lightbox\" data-rel=\"iLightbox[b329515fc85671ee195]\" data-caption=\"Vo\u0303rsumisfaas\" data-title=\"Vo\u0303rsumisfaas\" title=\"Vo\u0303rsumisfaas\"><img decoding=\"async\" width=\"400\" height=\"533\" alt=\"Vo\u0303rsumisfaas\" src=\"https:\/\/puideseeme.ee\/wp-content\/uploads\/2025\/08\/Vorsumisfaas-400x533.webp\" class=\"img-responsive wp-image-1805\" srcset=\"https:\/\/puideseeme.ee\/wp-content\/uploads\/2025\/08\/Vorsumisfaas-9x12.webp 9w, https:\/\/puideseeme.ee\/wp-content\/uploads\/2025\/08\/Vorsumisfaas-200x267.webp 200w, https:\/\/puideseeme.ee\/wp-content\/uploads\/2025\/08\/Vorsumisfaas-225x300.webp 225w, https:\/\/puideseeme.ee\/wp-content\/uploads\/2025\/08\/Vorsumisfaas-400x533.webp 400w, https:\/\/puideseeme.ee\/wp-content\/uploads\/2025\/08\/Vorsumisfaas-600x800.webp 600w, https:\/\/puideseeme.ee\/wp-content\/uploads\/2025\/08\/Vorsumisfaas.webp 768w\" sizes=\"(max-width: 640px) 100vw, 400px\" \/><\/a><\/span><\/div><div class=\"fusion-text fusion-text-4\"><div id=\"attachment_9953\" class=\"wp-caption aligncenter\">\n<p><em><span style=\"font-size: 8pt;\">V\u00f5rsumisfaas\u00a0<\/span><\/em><\/p>\n<\/div>\n<\/div><\/div><\/div><div class=\"fusion-layout-column fusion_builder_column fusion-builder-column-3 fusion-flex-column\" style=\"--awb-bg-size:cover;--awb-width-large:55%;--awb-margin-top-large:0px;--awb-spacing-right-large:3.4909090909091%;--awb-margin-bottom-large:20px;--awb-spacing-left-large:3.4909090909091%;--awb-width-medium:55%;--awb-order-medium:0;--awb-spacing-right-medium:3.4909090909091%;--awb-spacing-left-medium:3.4909090909091%;--awb-width-small:100%;--awb-order-small:0;--awb-spacing-right-small:1.92%;--awb-spacing-left-small:1.92%;\" data-scroll-devices=\"small-visibility,medium-visibility,large-visibility\"><div class=\"fusion-column-wrapper fusion-column-has-shadow fusion-flex-justify-content-flex-start fusion-content-layout-column\"><div class=\"fusion-image-element \" style=\"--awb-caption-title-font-family:var(--h2_typography-font-family);--awb-caption-title-font-weight:var(--h2_typography-font-weight);--awb-caption-title-font-style:var(--h2_typography-font-style);--awb-caption-title-size:var(--h2_typography-font-size);--awb-caption-title-transform:var(--h2_typography-text-transform);--awb-caption-title-line-height:var(--h2_typography-line-height);--awb-caption-title-letter-spacing:var(--h2_typography-letter-spacing);\"><span class=\" fusion-imageframe imageframe-none imageframe-3 hover-type-none\"><a href=\"https:\/\/puideseeme.ee\/wp-content\/uploads\/2025\/08\/BBCH-32-ehk-2.korresolme-faas-\u2013-tugevalt-on-valja-arenenud-kaks-korralikku-korresolme-ja-solmevahet-.webp\" class=\"fusion-lightbox\" data-rel=\"iLightbox[a3e8c9d54e9b653da01]\" data-caption=\"BBCH 32 ehk 2.ko\u0303rreso\u0303lme faas \u2013 tugevalt on va\u0308lja arenenud kaks korralikku ko\u0303rreso\u0303lme ja so\u0303lmevahet\" data-title=\"BBCH 32 ehk 2.ko\u0303rreso\u0303lme faas \u2013 tugevalt on va\u0308lja arenenud kaks korralikku ko\u0303rreso\u0303lme ja so\u0303lmevahet\" title=\"BBCH 32 ehk 2.ko\u0303rreso\u0303lme faas \u2013 tugevalt on va\u0308lja arenenud kaks korralikku ko\u0303rreso\u0303lme ja so\u0303lmevahet\"><img decoding=\"async\" width=\"678\" height=\"1024\" alt=\"BBCH 32 ehk 2.ko\u0303rreso\u0303lme faas \u2013 tugevalt on va\u0308lja arenenud kaks korralikku ko\u0303rreso\u0303lme ja so\u0303lmevahet\" src=\"https:\/\/puideseeme.ee\/wp-content\/uploads\/2025\/08\/BBCH-32-ehk-2.korresolme-faas-\u2013-tugevalt-on-valja-arenenud-kaks-korralikku-korresolme-ja-solmevahet-.webp\" class=\"img-responsive wp-image-1797\" srcset=\"https:\/\/puideseeme.ee\/wp-content\/uploads\/2025\/08\/BBCH-32-ehk-2.korresolme-faas-\u2013-tugevalt-on-valja-arenenud-kaks-korralikku-korresolme-ja-solmevahet--8x12.webp 8w, https:\/\/puideseeme.ee\/wp-content\/uploads\/2025\/08\/BBCH-32-ehk-2.korresolme-faas-\u2013-tugevalt-on-valja-arenenud-kaks-korralikku-korresolme-ja-solmevahet--199x300.webp 199w, https:\/\/puideseeme.ee\/wp-content\/uploads\/2025\/08\/BBCH-32-ehk-2.korresolme-faas-\u2013-tugevalt-on-valja-arenenud-kaks-korralikku-korresolme-ja-solmevahet--200x302.webp 200w, https:\/\/puideseeme.ee\/wp-content\/uploads\/2025\/08\/BBCH-32-ehk-2.korresolme-faas-\u2013-tugevalt-on-valja-arenenud-kaks-korralikku-korresolme-ja-solmevahet--400x604.webp 400w, https:\/\/puideseeme.ee\/wp-content\/uploads\/2025\/08\/BBCH-32-ehk-2.korresolme-faas-\u2013-tugevalt-on-valja-arenenud-kaks-korralikku-korresolme-ja-solmevahet--600x906.webp 600w, https:\/\/puideseeme.ee\/wp-content\/uploads\/2025\/08\/BBCH-32-ehk-2.korresolme-faas-\u2013-tugevalt-on-valja-arenenud-kaks-korralikku-korresolme-ja-solmevahet-.webp 678w\" sizes=\"(max-width: 640px) 100vw, 678px\" \/><\/a><\/span><\/div><div class=\"fusion-text fusion-text-5\"><div id=\"attachment_9953\" class=\"wp-caption aligncenter\">\n<div id=\"attachment_5154\" class=\"wp-caption aligncenter\">\n<p id=\"caption-attachment-5154\" class=\"wp-caption-text\"><em><span style=\"font-size: 8pt;\">BBCH 32 ehk 2.k\u00f5rres\u00f5lme faas \u2013 tugevalt on v\u00e4lja arenenud kaks korralikku k\u00f5rres\u00f5lme ja s\u00f5lmevahet<\/span><\/em><\/p>\n<\/div>\n<\/div>\n<\/div><\/div><\/div><div class=\"fusion-layout-column fusion_builder_column fusion-builder-column-4 fusion-flex-column\" style=\"--awb-bg-size:cover;--awb-width-large:45%;--awb-margin-top-large:0px;--awb-spacing-right-large:4.2666666666667%;--awb-margin-bottom-large:20px;--awb-spacing-left-large:4.2666666666667%;--awb-width-medium:45%;--awb-order-medium:0;--awb-spacing-right-medium:4.2666666666667%;--awb-spacing-left-medium:4.2666666666667%;--awb-width-small:100%;--awb-order-small:0;--awb-spacing-right-small:1.92%;--awb-spacing-left-small:1.92%;\" data-scroll-devices=\"small-visibility,medium-visibility,large-visibility\"><div class=\"fusion-column-wrapper fusion-column-has-shadow fusion-flex-justify-content-flex-start fusion-content-layout-column\"><div class=\"fusion-text fusion-text-6\"><p>K\u00f5rsumisfaas t\u00e4hendab k\u00f5rte pikkuskasvu ja k\u00f5rres\u00f5lmede moodustumist. Teravilja puhul on v\u00e4ga t\u00e4htis aeg 1.-2.k\u00f5rres\u00f5lme faas, sest sel ajal pannakse paika teraviljapeade pikkus ja terade arv viljapeades. Sel ajal on oluline, et taimed oleksid terved ja r\u00f5\u00f5msad, neil jaguks piisavalt toitu ja vett ning samuti on \u00f5ige aeg lehev\u00e4etistega kasvu turgutamiseks.<\/p>\n<p>Sel aastal on positiivne, et just taliteraviljade k\u00f5rsumisfaasis ja viljapeade pikkuse paikapanemise ajal on olnud niisked olud. Meenutuseks, taliotradel j\u00e4i 2020.hooajal tera peeneks ja saak v\u00e4iksemaks, kui oleks lootnud \u2013 p\u00f5hjuseks oligi kuivus ja kuumus taliodra k\u00f5rsumise alguses.<\/p>\n<p>\u00dcldistades v\u00f5iks \u00f6elda, et talinisud on t\u00e4na tugevas k\u00f5rsumises, olles peamiselt 1.-3.k\u00f5rres\u00f5lme faasis. K\u00e4ib asjalik pikkuskasv koos lehtede kasvatamisega, millele j\u00f5udu juurde annab maikuule ebat\u00fc\u00fcpiline vihmane ilm.<\/p>\n<div id=\"attachment_9945\" class=\"wp-caption aligncenter\"><\/div>\n<\/div><\/div><\/div><div class=\"fusion-layout-column fusion_builder_column fusion-builder-column-5 fusion_builder_column_1_1 1_1 fusion-flex-column\" style=\"--awb-bg-size:cover;--awb-width-large:100%;--awb-margin-top-large:0px;--awb-spacing-right-large:1.92%;--awb-margin-bottom-large:20px;--awb-spacing-left-large:1.92%;--awb-width-medium:100%;--awb-order-medium:0;--awb-spacing-right-medium:1.92%;--awb-spacing-left-medium:1.92%;--awb-width-small:100%;--awb-order-small:0;--awb-spacing-right-small:1.92%;--awb-spacing-left-small:1.92%;\"><div class=\"fusion-column-wrapper fusion-column-has-shadow fusion-flex-justify-content-flex-start fusion-content-layout-column\"><div class=\"fusion-image-element \" style=\"text-align:center;--awb-caption-title-font-family:var(--h2_typography-font-family);--awb-caption-title-font-weight:var(--h2_typography-font-weight);--awb-caption-title-font-style:var(--h2_typography-font-style);--awb-caption-title-size:var(--h2_typography-font-size);--awb-caption-title-transform:var(--h2_typography-text-transform);--awb-caption-title-line-height:var(--h2_typography-line-height);--awb-caption-title-letter-spacing:var(--h2_typography-letter-spacing);\"><span class=\" fusion-imageframe imageframe-none imageframe-4 hover-type-none\"><a href=\"https:\/\/puideseeme.ee\/wp-content\/uploads\/2025\/08\/Vihm-ja-soojus-kasikaes-soodustavad-pikkuskasvu-ja-lehestiku-arengut-.webp\" class=\"fusion-lightbox\" data-rel=\"iLightbox[bcf5748e1ce80a66809]\" data-caption=\"Vihm ja soojus ka\u0308sika\u0308es soodustavad pikkuskasvu ja lehestiku arengut\" data-title=\"Vihm ja soojus ka\u0308sika\u0308es soodustavad pikkuskasvu ja lehestiku arengut\" title=\"Vihm ja soojus ka\u0308sika\u0308es soodustavad pikkuskasvu ja lehestiku arengut\"><img decoding=\"async\" width=\"768\" height=\"1024\" alt=\"Vihm ja soojus ka\u0308sika\u0308es soodustavad pikkuskasvu ja lehestiku arengut\" src=\"https:\/\/puideseeme.ee\/wp-content\/uploads\/2025\/08\/Vihm-ja-soojus-kasikaes-soodustavad-pikkuskasvu-ja-lehestiku-arengut-.webp\" class=\"img-responsive wp-image-1803\" srcset=\"https:\/\/puideseeme.ee\/wp-content\/uploads\/2025\/08\/Vihm-ja-soojus-kasikaes-soodustavad-pikkuskasvu-ja-lehestiku-arengut--9x12.webp 9w, https:\/\/puideseeme.ee\/wp-content\/uploads\/2025\/08\/Vihm-ja-soojus-kasikaes-soodustavad-pikkuskasvu-ja-lehestiku-arengut--200x267.webp 200w, https:\/\/puideseeme.ee\/wp-content\/uploads\/2025\/08\/Vihm-ja-soojus-kasikaes-soodustavad-pikkuskasvu-ja-lehestiku-arengut--225x300.webp 225w, https:\/\/puideseeme.ee\/wp-content\/uploads\/2025\/08\/Vihm-ja-soojus-kasikaes-soodustavad-pikkuskasvu-ja-lehestiku-arengut--400x533.webp 400w, https:\/\/puideseeme.ee\/wp-content\/uploads\/2025\/08\/Vihm-ja-soojus-kasikaes-soodustavad-pikkuskasvu-ja-lehestiku-arengut--600x800.webp 600w, https:\/\/puideseeme.ee\/wp-content\/uploads\/2025\/08\/Vihm-ja-soojus-kasikaes-soodustavad-pikkuskasvu-ja-lehestiku-arengut-.webp 768w\" sizes=\"(max-width: 640px) 100vw, 768px\" \/><\/a><\/span><\/div><div class=\"fusion-text fusion-text-7\"><div id=\"attachment_9953\" class=\"wp-caption aligncenter\">\n<p><em><span style=\"font-size: 8pt;\">Vihm ja soojus k\u00e4sik\u00e4es soodustavad pikkuskasvu ja lehestiku arengut<\/span><\/em><\/p>\n<\/div>\n<\/div><div class=\"fusion-text fusion-text-8\"><p><strong>1.k\u00f5rres\u00f5lme faas ehk BBCH 31<\/strong><\/p>\n<p>Esimene s\u00f5lm mullapinnal m\u00e4rgatav, v\u00e4hemalt 1 cm kaugusel v\u00f5rsumiss\u00f5lmest.<\/p>\n<div id=\"attachment_9899\" class=\"wp-caption aligncenter\"><\/div>\n<\/div><div class=\"fusion-image-element \" style=\"text-align:center;--awb-caption-title-font-family:var(--h2_typography-font-family);--awb-caption-title-font-weight:var(--h2_typography-font-weight);--awb-caption-title-font-style:var(--h2_typography-font-style);--awb-caption-title-size:var(--h2_typography-font-size);--awb-caption-title-transform:var(--h2_typography-text-transform);--awb-caption-title-line-height:var(--h2_typography-line-height);--awb-caption-title-letter-spacing:var(--h2_typography-letter-spacing);\"><span class=\" fusion-imageframe imageframe-none imageframe-5 hover-type-none\"><a href=\"https:\/\/puideseeme.ee\/wp-content\/uploads\/2025\/08\/Kasvufaas-BBCH-31-1.solme-faas-.webp\" class=\"fusion-lightbox\" data-rel=\"iLightbox[97660d8e21dc0cd9661]\" data-title=\"Kasvufaas BBCH 31, 1.so\u0303lme faas\" title=\"Kasvufaas BBCH 31, 1.so\u0303lme faas\"><img decoding=\"async\" width=\"768\" height=\"1024\" src=\"https:\/\/puideseeme.ee\/wp-content\/uploads\/2025\/08\/Kasvufaas-BBCH-31-1.solme-faas-.webp\" alt class=\"img-responsive wp-image-1798\" srcset=\"https:\/\/puideseeme.ee\/wp-content\/uploads\/2025\/08\/Kasvufaas-BBCH-31-1.solme-faas--9x12.webp 9w, https:\/\/puideseeme.ee\/wp-content\/uploads\/2025\/08\/Kasvufaas-BBCH-31-1.solme-faas--200x267.webp 200w, https:\/\/puideseeme.ee\/wp-content\/uploads\/2025\/08\/Kasvufaas-BBCH-31-1.solme-faas--225x300.webp 225w, https:\/\/puideseeme.ee\/wp-content\/uploads\/2025\/08\/Kasvufaas-BBCH-31-1.solme-faas--400x533.webp 400w, https:\/\/puideseeme.ee\/wp-content\/uploads\/2025\/08\/Kasvufaas-BBCH-31-1.solme-faas--600x800.webp 600w, https:\/\/puideseeme.ee\/wp-content\/uploads\/2025\/08\/Kasvufaas-BBCH-31-1.solme-faas-.webp 768w\" sizes=\"(max-width: 640px) 100vw, 768px\" \/><\/a><\/span><\/div><div class=\"fusion-text fusion-text-9\"><div id=\"attachment_9899\" class=\"wp-caption aligncenter\">\n<p id=\"caption-attachment-9899\" class=\"wp-caption-text\"><span style=\"font-size: 8pt;\"><em>Kasvufaas BBCH 31, 1.s\u00f5lme faas<\/em><\/span><\/p>\n<\/div>\n<div id=\"attachment_9883\" class=\"wp-caption aligncenter\"><\/div>\n<\/div><div class=\"fusion-image-element \" style=\"text-align:center;--awb-caption-title-font-family:var(--h2_typography-font-family);--awb-caption-title-font-weight:var(--h2_typography-font-weight);--awb-caption-title-font-style:var(--h2_typography-font-style);--awb-caption-title-size:var(--h2_typography-font-size);--awb-caption-title-transform:var(--h2_typography-text-transform);--awb-caption-title-line-height:var(--h2_typography-line-height);--awb-caption-title-letter-spacing:var(--h2_typography-letter-spacing);\"><span class=\" fusion-imageframe imageframe-none imageframe-6 hover-type-none\"><a href=\"https:\/\/puideseeme.ee\/wp-content\/uploads\/2025\/08\/Kuigi-nahtav-on-kaks-korresolme-on-see-veel-faas-BBCH-31315-ehk-1.solme-faas-.webp\" class=\"fusion-lightbox\" data-rel=\"iLightbox[1e6fb60c0cf3bed40e2]\" data-caption=\"Kuigi na\u0308htav on kaks ko\u0303rreso\u0303lme, on see veel faas BBCH 31(31,5) ehk 1.so\u0303lme faas\" data-title=\"Kuigi na\u0308htav on kaks ko\u0303rreso\u0303lme, on see veel faas BBCH 31(31,5) ehk 1.so\u0303lme faas\" title=\"Kuigi na\u0308htav on kaks ko\u0303rreso\u0303lme, on see veel faas BBCH 31(31,5) ehk 1.so\u0303lme faas\"><img decoding=\"async\" width=\"768\" height=\"1024\" alt=\"Kuigi na\u0308htav on kaks ko\u0303rreso\u0303lme, on see veel faas BBCH 31(31,5) ehk 1.so\u0303lme faas\" src=\"https:\/\/puideseeme.ee\/wp-content\/uploads\/2025\/08\/Kuigi-nahtav-on-kaks-korresolme-on-see-veel-faas-BBCH-31315-ehk-1.solme-faas-.webp\" class=\"img-responsive wp-image-1799\" srcset=\"https:\/\/puideseeme.ee\/wp-content\/uploads\/2025\/08\/Kuigi-nahtav-on-kaks-korresolme-on-see-veel-faas-BBCH-31315-ehk-1.solme-faas--9x12.webp 9w, https:\/\/puideseeme.ee\/wp-content\/uploads\/2025\/08\/Kuigi-nahtav-on-kaks-korresolme-on-see-veel-faas-BBCH-31315-ehk-1.solme-faas--200x267.webp 200w, https:\/\/puideseeme.ee\/wp-content\/uploads\/2025\/08\/Kuigi-nahtav-on-kaks-korresolme-on-see-veel-faas-BBCH-31315-ehk-1.solme-faas--225x300.webp 225w, https:\/\/puideseeme.ee\/wp-content\/uploads\/2025\/08\/Kuigi-nahtav-on-kaks-korresolme-on-see-veel-faas-BBCH-31315-ehk-1.solme-faas--400x533.webp 400w, https:\/\/puideseeme.ee\/wp-content\/uploads\/2025\/08\/Kuigi-nahtav-on-kaks-korresolme-on-see-veel-faas-BBCH-31315-ehk-1.solme-faas--600x800.webp 600w, https:\/\/puideseeme.ee\/wp-content\/uploads\/2025\/08\/Kuigi-nahtav-on-kaks-korresolme-on-see-veel-faas-BBCH-31315-ehk-1.solme-faas-.webp 768w\" sizes=\"(max-width: 640px) 100vw, 768px\" \/><\/a><\/span><\/div><div class=\"fusion-text fusion-text-10\"><div id=\"attachment_9899\" class=\"wp-caption aligncenter\">\n<div id=\"attachment_9883\" class=\"wp-caption aligncenter\">\n<p id=\"caption-attachment-9883\" class=\"wp-caption-text\"><span style=\"font-size: 8pt;\"><em>Kuigi n\u00e4htav on kaks k\u00f5rres\u00f5lme, on see veel faas BBCH 31(31,5) ehk 1.s\u00f5lme faas<\/em><\/span><\/p>\n<\/div>\n<\/div>\n<div id=\"attachment_9883\" class=\"wp-caption aligncenter\"><\/div>\n<\/div><div class=\"fusion-text fusion-text-11\"><p><strong>2.k\u00f5rres\u00f5lme faas ehk BBCH 32<\/strong><\/p>\n<p>K\u00f5rrel on leitavad kaks s\u00f5lme ning nende vahe on v\u00e4hemalt 2 cm.<\/p>\n<div id=\"attachment_9896\" class=\"wp-caption aligncenter\"><\/div>\n<\/div><div class=\"fusion-image-element \" style=\"text-align:center;--awb-caption-title-font-family:var(--h2_typography-font-family);--awb-caption-title-font-weight:var(--h2_typography-font-weight);--awb-caption-title-font-style:var(--h2_typography-font-style);--awb-caption-title-size:var(--h2_typography-font-size);--awb-caption-title-transform:var(--h2_typography-text-transform);--awb-caption-title-line-height:var(--h2_typography-line-height);--awb-caption-title-letter-spacing:var(--h2_typography-letter-spacing);\"><span class=\" fusion-imageframe imageframe-none imageframe-7 hover-type-none\"><a href=\"https:\/\/puideseeme.ee\/wp-content\/uploads\/2025\/08\/2.korresolme-faas-ehk-BBCH-32-.webp\" class=\"fusion-lightbox\" data-rel=\"iLightbox[de71ee8e7c51dac9fec]\" data-caption=\"2.ko\u0303rreso\u0303lme faas ehk BBCH 32(+)\" data-title=\"2.ko\u0303rreso\u0303lme faas ehk BBCH 32(+)\" title=\"2.ko\u0303rreso\u0303lme faas ehk BBCH 32(+)\"><img decoding=\"async\" width=\"768\" height=\"1024\" alt=\"2.ko\u0303rreso\u0303lme faas ehk BBCH 32(+)\" src=\"https:\/\/puideseeme.ee\/wp-content\/uploads\/2025\/08\/2.korresolme-faas-ehk-BBCH-32-.webp\" class=\"img-responsive wp-image-1796\" srcset=\"https:\/\/puideseeme.ee\/wp-content\/uploads\/2025\/08\/2.korresolme-faas-ehk-BBCH-32--9x12.webp 9w, https:\/\/puideseeme.ee\/wp-content\/uploads\/2025\/08\/2.korresolme-faas-ehk-BBCH-32--200x267.webp 200w, https:\/\/puideseeme.ee\/wp-content\/uploads\/2025\/08\/2.korresolme-faas-ehk-BBCH-32--225x300.webp 225w, https:\/\/puideseeme.ee\/wp-content\/uploads\/2025\/08\/2.korresolme-faas-ehk-BBCH-32--400x533.webp 400w, https:\/\/puideseeme.ee\/wp-content\/uploads\/2025\/08\/2.korresolme-faas-ehk-BBCH-32--600x800.webp 600w, https:\/\/puideseeme.ee\/wp-content\/uploads\/2025\/08\/2.korresolme-faas-ehk-BBCH-32-.webp 768w\" sizes=\"(max-width: 640px) 100vw, 768px\" \/><\/a><\/span><\/div><div class=\"fusion-text fusion-text-12\"><div id=\"attachment_9899\" class=\"wp-caption aligncenter\">\n<div id=\"attachment_9883\" class=\"wp-caption aligncenter\">\n<div id=\"attachment_9896\" class=\"wp-caption aligncenter\">\n<p id=\"caption-attachment-9896\" class=\"wp-caption-text\"><em><span style=\"font-size: 8pt;\">2.k\u00f5rres\u00f5lme faas ehk BBCH 32(+)<\/span><\/em><\/p>\n<\/div>\n<\/div>\n<\/div>\n<div id=\"attachment_9883\" class=\"wp-caption aligncenter\"><\/div>\n<\/div><div class=\"fusion-text fusion-text-13\"><p>Kui talinisu on t\u00e4na \u00fcldiselt k\u00f5rsumise keskpaigas, siis rukis ja talioder on j\u00f5udnud p\u00e4ris palju kaugemale \u2013 3.k\u00f5rres\u00f5lme faasi, n\u00e4itavad juba siin-seal lipulehte v\u00f5i on kohati lausa ohteotsakesi ja viljap\u00e4id paotamas.<\/p>\n<div id=\"attachment_9940\" class=\"wp-caption aligncenter\"><\/div>\n<\/div><div class=\"fusion-image-element \" style=\"text-align:center;--awb-caption-title-font-family:var(--h2_typography-font-family);--awb-caption-title-font-weight:var(--h2_typography-font-weight);--awb-caption-title-font-style:var(--h2_typography-font-style);--awb-caption-title-size:var(--h2_typography-font-size);--awb-caption-title-transform:var(--h2_typography-text-transform);--awb-caption-title-line-height:var(--h2_typography-line-height);--awb-caption-title-letter-spacing:var(--h2_typography-letter-spacing);\"><span class=\" fusion-imageframe imageframe-none imageframe-8 hover-type-none\"><a href=\"https:\/\/puideseeme.ee\/wp-content\/uploads\/2025\/08\/Rukkil-lipuleht-olemas-ja-ohteotsad-hakkavad-paistma-.webp\" class=\"fusion-lightbox\" data-rel=\"iLightbox[b6145251ce3823e16f1]\" data-caption=\"Rukkil lipuleht olemas ja ohteotsad hakkavad paistma\" data-title=\"Rukkil lipuleht olemas ja ohteotsad hakkavad paistma\" title=\"Rukkil lipuleht olemas ja ohteotsad hakkavad paistma\"><img decoding=\"async\" width=\"461\" height=\"1024\" alt=\"Rukkil lipuleht olemas ja ohteotsad hakkavad paistma\" src=\"https:\/\/puideseeme.ee\/wp-content\/uploads\/2025\/08\/Rukkil-lipuleht-olemas-ja-ohteotsad-hakkavad-paistma-.webp\" class=\"img-responsive wp-image-1801\" srcset=\"https:\/\/puideseeme.ee\/wp-content\/uploads\/2025\/08\/Rukkil-lipuleht-olemas-ja-ohteotsad-hakkavad-paistma--5x12.webp 5w, https:\/\/puideseeme.ee\/wp-content\/uploads\/2025\/08\/Rukkil-lipuleht-olemas-ja-ohteotsad-hakkavad-paistma--135x300.webp 135w, https:\/\/puideseeme.ee\/wp-content\/uploads\/2025\/08\/Rukkil-lipuleht-olemas-ja-ohteotsad-hakkavad-paistma--200x444.webp 200w, https:\/\/puideseeme.ee\/wp-content\/uploads\/2025\/08\/Rukkil-lipuleht-olemas-ja-ohteotsad-hakkavad-paistma--400x889.webp 400w, https:\/\/puideseeme.ee\/wp-content\/uploads\/2025\/08\/Rukkil-lipuleht-olemas-ja-ohteotsad-hakkavad-paistma-.webp 461w\" sizes=\"(max-width: 640px) 100vw, 461px\" \/><\/a><\/span><\/div><div class=\"fusion-text fusion-text-14\" style=\"--awb-content-alignment:center;\"><p><span style=\"font-size: 8pt;\"><em>Rukkil lipuleht olemas ja ohteotsad hakkavad paistma<\/em><\/span><\/p>\n<\/div><div class=\"fusion-text fusion-text-15\"><p><b>Lipulehe faas ehk BBCH 37-39<\/b><\/p>\n<p>K\u00f5rrel on olemas k\u00f5ik k\u00f5rres\u00f5lmed. Ilmub viimane leht ehk lipuleht, mis on alguses keerdunud ning hiljem rullub kenasti laiali. Nisul on lipuleht peamine kaunitar ja k\u00f5ige laiem leht, rukkil ja taliodral on see oluliselt tagasihoidlikum.<\/p>\n<\/div><div class=\"fusion-image-element \" style=\"text-align:center;--awb-caption-title-font-family:var(--h2_typography-font-family);--awb-caption-title-font-weight:var(--h2_typography-font-weight);--awb-caption-title-font-style:var(--h2_typography-font-style);--awb-caption-title-size:var(--h2_typography-font-size);--awb-caption-title-transform:var(--h2_typography-text-transform);--awb-caption-title-line-height:var(--h2_typography-line-height);--awb-caption-title-letter-spacing:var(--h2_typography-letter-spacing);\"><span class=\" fusion-imageframe imageframe-none imageframe-9 hover-type-none\"><a href=\"https:\/\/puideseeme.ee\/wp-content\/uploads\/2025\/08\/Rukkil-hakkavad-viljapead-paotuma-.webp\" class=\"fusion-lightbox\" data-rel=\"iLightbox[29e751c94e52e1c84b4]\" data-caption=\"Rukkil hakkavad viljapead paotuma\" data-title=\"Rukkil hakkavad viljapead paotuma\" title=\"Rukkil hakkavad viljapead paotuma\"><img decoding=\"async\" width=\"461\" height=\"1024\" alt=\"Rukkil hakkavad viljapead paotuma\" src=\"https:\/\/puideseeme.ee\/wp-content\/uploads\/2025\/08\/Rukkil-hakkavad-viljapead-paotuma-.webp\" class=\"img-responsive wp-image-1800\" srcset=\"https:\/\/puideseeme.ee\/wp-content\/uploads\/2025\/08\/Rukkil-hakkavad-viljapead-paotuma--5x12.webp 5w, https:\/\/puideseeme.ee\/wp-content\/uploads\/2025\/08\/Rukkil-hakkavad-viljapead-paotuma--135x300.webp 135w, https:\/\/puideseeme.ee\/wp-content\/uploads\/2025\/08\/Rukkil-hakkavad-viljapead-paotuma--200x444.webp 200w, https:\/\/puideseeme.ee\/wp-content\/uploads\/2025\/08\/Rukkil-hakkavad-viljapead-paotuma--400x889.webp 400w, https:\/\/puideseeme.ee\/wp-content\/uploads\/2025\/08\/Rukkil-hakkavad-viljapead-paotuma-.webp 461w\" sizes=\"(max-width: 640px) 100vw, 461px\" \/><\/a><\/span><\/div><div class=\"fusion-text fusion-text-16\" style=\"--awb-content-alignment:center;\"><p><span style=\"font-size: 8pt;\"><em>Rukkil lipuleht olemas ja ohteotsad hakkavad paistma<\/em><\/span><\/p>\n<\/div><div class=\"fusion-text fusion-text-17\"><p><b>Ohteotste ilmumine v\u00f5i viljapea paotumine ehk BBCH 49<\/b><\/p>\n<p>Faas, mis n\u00e4itab natuke seni tehtu tulemusi ja kus on v\u00f5imalik olukorda saagirindel juba veidike hinnata. Peade pikkus ja terade arv on paigas, j\u00e4\u00e4b \u00fcle ainult terade t\u00e4itumine ja terakvaliteedi hoidmine. Pritsimiste ja v\u00e4etamiste osas on peamine, kui mitte k\u00f5ik, tehtud.<\/p>\n<\/div><\/div><\/div><\/div><\/div><div class=\"fusion-fullwidth fullwidth-box fusion-builder-row-2 fusion-flex-container has-pattern-background has-mask-background nonhundred-percent-fullwidth non-hundred-percent-height-scrolling\" style=\"--awb-border-radius-top-left:0px;--awb-border-radius-top-right:0px;--awb-border-radius-bottom-right:0px;--awb-border-radius-bottom-left:0px;--awb-flex-wrap:wrap;\" ><div class=\"fusion-builder-row fusion-row fusion-flex-align-items-flex-start fusion-flex-content-wrap\" style=\"max-width:1248px;margin-left: calc(-4% \/ 2 );margin-right: calc(-4% \/ 2 );\"><div class=\"fusion-layout-column fusion_builder_column fusion-builder-column-6 fusion_builder_column_1_1 1_1 fusion-flex-column\" style=\"--awb-bg-size:cover;--awb-width-large:100%;--awb-margin-top-large:0px;--awb-spacing-right-large:1.92%;--awb-margin-bottom-large:20px;--awb-spacing-left-large:1.92%;--awb-width-medium:100%;--awb-order-medium:0;--awb-spacing-right-medium:1.92%;--awb-spacing-left-medium:1.92%;--awb-width-small:100%;--awb-order-small:0;--awb-spacing-right-small:1.92%;--awb-spacing-left-small:1.92%;\"><div class=\"fusion-column-wrapper fusion-column-has-shadow fusion-flex-justify-content-flex-start fusion-content-layout-column\"><div class=\"fusion-separator fusion-full-width-sep\" style=\"align-self: center;margin-left: auto;margin-right: auto;width:100%;\"><div class=\"fusion-separator-border sep-single sep-solid\" style=\"--awb-height:20px;--awb-amount:20px;--awb-sep-color:var(--awb-custom_color_1);border-color:var(--awb-custom_color_1);border-top-width:1px;\"><\/div><\/div><div class=\"fusion-title title fusion-title-1 fusion-sep-none fusion-title-text fusion-title-size-three\"><h3 class=\"fusion-title-heading title-heading-left\" style=\"margin:0;\">Soovid rohkem infot? Siis v\u00f5ta meiega \u00fchendust!<\/h3><\/div><div class=\"fusion-form fusion-form-builder fusion-form-form-wrapper fusion-form-1501\" style=\"--awb-tooltip-text-color:#ffffff;--awb-tooltip-background-color:#333333;\" data-form-id=\"1501\" data-config=\"{&quot;form_id&quot;:&quot;1501&quot;,&quot;form_post_id&quot;:&quot;1501&quot;,&quot;post_id&quot;:1807,&quot;form_type&quot;:&quot;ajax&quot;,&quot;confirmation_type&quot;:&quot;redirect&quot;,&quot;redirect_url&quot;:&quot;https:\\\/\\\/puideseeme.ee\\\/taname-paringu-eest\\\/&quot;,&quot;field_labels&quot;:{&quot;nimi&quot;:&quot;&quot;,&quot;e-mail&quot;:&quot;&quot;,&quot;lisainfo&quot;:&quot;&quot;,&quot;ettevote&quot;:&quot;&quot;,&quot;telefoni_nr&quot;:&quot;&quot;,&quot;andmekaitsetingimused&quot;:&quot;&quot;},&quot;field_logics&quot;:{&quot;nimi&quot;:&quot;&quot;,&quot;e-mail&quot;:&quot;&quot;,&quot;lisainfo&quot;:&quot;&quot;,&quot;ettevote&quot;:&quot;&quot;,&quot;telefoni_nr&quot;:&quot;&quot;,&quot;andmekaitsetingimused&quot;:&quot;&quot;,&quot;submit_1&quot;:&quot;&quot;},&quot;field_types&quot;:{&quot;nimi&quot;:&quot;text&quot;,&quot;e-mail&quot;:&quot;email&quot;,&quot;lisainfo&quot;:&quot;textarea&quot;,&quot;ettevote&quot;:&quot;text&quot;,&quot;telefoni_nr&quot;:&quot;phone_number&quot;,&quot;andmekaitsetingimused&quot;:&quot;consent&quot;,&quot;submit_1&quot;:&quot;submit&quot;},&quot;nonce_method&quot;:&quot;ajax&quot;}\"><form action=\"https:\/\/puideseeme.ee\/en\/teravilja-kasvufaasid-kordamine-on-tarkuse-ema\/\" method=\"post\" class=\"fusion-form fusion-form-1501\"><div class=\"fusion-fullwidth fullwidth-box fusion-builder-row-2-1 fusion-flex-container has-pattern-background has-mask-background nonhundred-percent-fullwidth non-hundred-percent-height-scrolling\" style=\"--awb-border-radius-top-left:0px;--awb-border-radius-top-right:0px;--awb-border-radius-bottom-right:0px;--awb-border-radius-bottom-left:0px;--awb-flex-wrap:wrap;\" ><div class=\"fusion-builder-row fusion-row fusion-flex-align-items-flex-start fusion-flex-content-wrap\" style=\"width:104% !important;max-width:104% !important;margin-left: calc(-4% \/ 2 );margin-right: calc(-4% \/ 2 );\"><div class=\"fusion-layout-column fusion_builder_column fusion-builder-column-7 fusion_builder_column_1_2 1_2 fusion-flex-column\" style=\"--awb-bg-size:cover;--awb-width-large:50%;--awb-flex-grow:0;--awb-flex-shrink:0;--awb-margin-top-large:0px;--awb-spacing-right-large:3.84%;--awb-margin-bottom-large:20px;--awb-spacing-left-large:3.84%;--awb-width-medium:50%;--awb-order-medium:0;--awb-flex-grow-medium:0;--awb-flex-shrink-medium:0;--awb-spacing-right-medium:3.84%;--awb-spacing-left-medium:3.84%;--awb-width-small:100%;--awb-order-small:0;--awb-flex-grow-small:0;--awb-flex-shrink-small:0;--awb-spacing-right-small:1.92%;--awb-spacing-left-small:1.92%;\"><div class=\"fusion-column-wrapper fusion-column-has-shadow fusion-flex-justify-content-flex-start fusion-content-layout-column\"><div class=\"fusion-form-field fusion-form-text-field fusion-form-label-above\" style=\"\" data-form-id=\"1501\"><input type=\"text\" autocomplete=\"off\"  data-empty-notice=\"Palun t\u00e4ida t\u00e4rniga t\u00e4histatud v\u00e4ljad!\" name=\"nimi\" id=\"nimi\" value=\"Nimi\"  class=\"fusion-form-input\" required=\"true\" aria-required=\"true\" placeholder=\"Nimi *\" data-holds-private-data=\"false\" minlength=\"0\"\/><\/div><div class=\"fusion-form-field fusion-form-email-field fusion-form-label-above\" style=\"\" data-form-id=\"1501\"><input type=\"email\" autocomplete=\"off\" name=\"e-mail\" id=\"e-mail\" value=\"\"  class=\"fusion-form-input\" required=\"true\" aria-required=\"true\" placeholder=\"E-mail *\" data-holds-private-data=\"false\"\/><\/div><div class=\"fusion-form-field fusion-form-textarea-field fusion-form-label-above\" style=\"\" data-form-id=\"1501\"><textarea cols=\"40\" autocomplete=\"off\"  minlength=\"0\"  rows=\"2\" tabindex=\"\" id=\"lisainfo\" name=\"lisainfo\" class=\"fusion-form-input\" placeholder=\"Lisainfo \" data-holds-private-data=\"false\"><\/textarea><\/div><\/div><\/div><div class=\"fusion-layout-column fusion_builder_column fusion-builder-column-8 fusion_builder_column_1_2 1_2 fusion-flex-column\" style=\"--awb-bg-size:cover;--awb-width-large:50%;--awb-flex-grow:0;--awb-flex-shrink:0;--awb-margin-top-large:0px;--awb-spacing-right-large:3.84%;--awb-margin-bottom-large:20px;--awb-spacing-left-large:3.84%;--awb-width-medium:50%;--awb-order-medium:0;--awb-flex-grow-medium:0;--awb-flex-shrink-medium:0;--awb-spacing-right-medium:3.84%;--awb-spacing-left-medium:3.84%;--awb-width-small:100%;--awb-order-small:0;--awb-flex-grow-small:0;--awb-flex-shrink-small:0;--awb-spacing-right-small:1.92%;--awb-spacing-left-small:1.92%;\"><div class=\"fusion-column-wrapper fusion-column-has-shadow fusion-flex-justify-content-flex-start fusion-content-layout-column\"><div class=\"fusion-form-field fusion-form-text-field fusion-form-label-above\" style=\"\" data-form-id=\"1501\"><input type=\"text\" autocomplete=\"off\" name=\"ettevote\" id=\"ettevote\" value=\"\"  class=\"fusion-form-input\" placeholder=\"Ettev\u00f5te \" data-holds-private-data=\"false\" minlength=\"0\"\/><\/div><div class=\"fusion-form-field fusion-form-phone-number-field fusion-form-label-above\" style=\"\" data-form-id=\"1501\"><input type=\"tel\" autocomplete=\"off\" name=\"telefoni_nr\" id=\"telefoni_nr\" value=\"\"  class=\"fusion-form-input\" placeholder=\"Telefoni nr. \" data-holds-private-data=\"false\"\/><\/div><div class=\"fusion-form-field fusion-form-consent-field fusion-form-label-above\" style=\"\" data-form-id=\"1501\"><div class=\"fusion-form-checkbox option-inline\"><input tabindex=\"\" id=\"andmekaitsetingimused\" type=\"checkbox\" value=\"1\" name=\"andmekaitsetingimused\" class=\"fusion-form-input\" required=\"true\" aria-required=\"true\"\/><label for=\"andmekaitsetingimused\">N\u00f5ustun <a href=\"https:\/\/puideseeme.ee\/andmekaitsetingimused\/\" target=\"_blank\"> privaatsustingimustega <\/a><\/label><\/div><\/div><div class=\"fusion-form-field fusion-form-submit-field fusion-form-label-above\" style=\"\" data-form-id=\"1501\"><div ><button type=\"submit\" class=\"fusion-button button-flat fusion-button-default-size button-default fusion-button-default button-1 fusion-button-default-span  form-form-submit button-default\" data-form-number=\"1501\" tabindex=\"\"><span class=\"fusion-button-text awb-button__text awb-button__text--default\">Saada<\/span><\/button><\/div><\/div><\/div><\/div><\/div><\/div><input type=\"hidden\" name=\"fusion_privacy_store_ip_ua\" value=\"false\"><input type=\"hidden\" name=\"fusion_privacy_expiration_interval\" value=\"48\"><input type=\"hidden\" name=\"privacy_expiration_action\" value=\"anonymize\"><\/form><\/div><\/div><\/div><\/div><\/div><\/p>\n","protected":false},"excerpt":{"rendered":"","protected":false},"author":4,"featured_media":1802,"comment_status":"open","ping_status":"open","sticky":false,"template":"","format":"standard","meta":{"footnotes":""},"categories":[79,63,1],"tags":[80,68],"class_list":["post-1807","post","type-post","status-publish","format-standard","has-post-thumbnail","hentry","category-kasulikku","category-kasvatamine","category-uncategorized","tag-kasulikk","tag-kasvatamine"],"aioseo_notices":[],"_links":{"self":[{"href":"https:\/\/puideseeme.ee\/en\/wp-json\/wp\/v2\/posts\/1807","targetHints":{"allow":["GET"]}}],"collection":[{"href":"https:\/\/puideseeme.ee\/en\/wp-json\/wp\/v2\/posts"}],"about":[{"href":"https:\/\/puideseeme.ee\/en\/wp-json\/wp\/v2\/types\/post"}],"author":[{"embeddable":true,"href":"https:\/\/puideseeme.ee\/en\/wp-json\/wp\/v2\/users\/4"}],"replies":[{"embeddable":true,"href":"https:\/\/puideseeme.ee\/en\/wp-json\/wp\/v2\/comments?post=1807"}],"version-history":[{"count":13,"href":"https:\/\/puideseeme.ee\/en\/wp-json\/wp\/v2\/posts\/1807\/revisions"}],"predecessor-version":[{"id":1821,"href":"https:\/\/puideseeme.ee\/en\/wp-json\/wp\/v2\/posts\/1807\/revisions\/1821"}],"wp:featuredmedia":[{"embeddable":true,"href":"https:\/\/puideseeme.ee\/en\/wp-json\/wp\/v2\/media\/1802"}],"wp:attachment":[{"href":"https:\/\/puideseeme.ee\/en\/wp-json\/wp\/v2\/media?parent=1807"}],"wp:term":[{"taxonomy":"category","embeddable":true,"href":"https:\/\/puideseeme.ee\/en\/wp-json\/wp\/v2\/categories?post=1807"},{"taxonomy":"post_tag","embeddable":true,"href":"https:\/\/puideseeme.ee\/en\/wp-json\/wp\/v2\/tags?post=1807"}],"curies":[{"name":"wp","href":"https:\/\/api.w.org\/{rel}","templated":true}]}}